{"id":1884,"date":"2026-01-20T14:58:55","date_gmt":"2026-01-20T13:58:55","guid":{"rendered":"https:\/\/programkommitten.se\/wordpress\/?p=1884"},"modified":"2026-01-20T15:01:59","modified_gmt":"2026-01-20T14:01:59","slug":"livebandsgasque","status":"publish","type":"post","link":"https:\/\/programkommitten.se\/wordpress\/livebandsgasque\/","title":{"rendered":"Livebandsgasque!"},"content":{"rendered":"\n<p><a href=\"https:\/\/programkommitten.se\/wordpress\/author\/pr-chefen\/\">PR-Chefen<\/a>\u00a0|\u00a0Januari 20, 2026\u00a0|\u00a0<a href=\"https:\/\/programkommitten.se\/wordpress\/category\/konsert\/\">Konsert<\/a>,\u00a0<a href=\"https:\/\/programkommitten.se\/wordpress\/category\/uncategorized\/\">Uncategorized<\/a>\u00a0|\u00a0<a href=\"https:\/\/programkommitten.se\/wordpress\/rockquen-gasque\/#respond\">No Comments<\/a><\/p>\n\n\n\n<figure class=\"wp-block-image size-large\"><img loading=\"lazy\" decoding=\"async\" width=\"1024\" height=\"560\" src=\"https:\/\/programkommitten.se\/wordpress\/wp-content\/uploads\/fbf1-Recovered-1024x560.png\" alt=\"\" class=\"wp-image-1885\" srcset=\"https:\/\/programkommitten.se\/wordpress\/wp-content\/uploads\/fbf1-Recovered-1024x560.png 1024w, https:\/\/programkommitten.se\/wordpress\/wp-content\/uploads\/fbf1-Recovered-300x164.png 300w, https:\/\/programkommitten.se\/wordpress\/wp-content\/uploads\/fbf1-Recovered-768x420.png 768w, https:\/\/programkommitten.se\/wordpress\/wp-content\/uploads\/fbf1-Recovered-1536x840.png 1536w, https:\/\/programkommitten.se\/wordpress\/wp-content\/uploads\/fbf1-Recovered.png 1920w\" sizes=\"auto, (max-width: 1024px) 100vw, 1024px\" \/><\/figure>\n\n\n\n<p>Programkommitt\u00e9n PU presenterar Livebandsgasque den 24\/1 2026!<\/p>\n\n\n\n<p>Vi v\u00e4lkomnar v\u00e5rterminen med Rock p\u00e5 gasquen, med 4 feta live-band som kommer spela natten l\u00e5ng!<br>Bered er p\u00e5 en kv\u00e4ll med schysst musik, underbar mat och sv\u00e4ngiga drinkar i sann Rock anda!<br><\/p>\n\n\n\n<p>Schema f\u00f6r kv\u00e4llen:<br>PUB &amp; LIVEBAND 22.00 \u2013 02.00<br>Spelschema:<br>22.00 \u2013 22.45 \u2013 Franchise Alice<br>23.00 \u2013 23.45 \u2013 Viola<br>00.00 \u2013 00.45 \u2013 Band1<br>01.00 \u2013 01.45 \u2013 St\u00f6rtlopp<\/p>\n\n\n\n<p>EFTERSL\u00c4PP 02.00 \u2013 03.00<br>Efter att kv\u00e4llens heta band har spelat klart, tar Tran<br>\u00f6ver musiken och ser till att ni dansar genom hela natten!<\/p>\n\n\n\n<p>Pris (g\u00e4ller hela kv\u00e4llen):<br>35kr\/45kr (chalmerist\/icke-chalmerist)<\/p>\n\n\n\n<p>VIKTIGT!<br>Ta med giltig legitimation (18+). Ingen form av E-Id godtags vid entr\u00e9.<br>Chalmerist + 1<\/p>\n\n\n\n<p>Med det sagt taggar vi upp inf\u00f6r en av v\u00e5rterminens hetaste gasquer, hoppas ni \u00e4r lika taggade som oss!<\/p>\n\n\n\n<p>Keep on rocking in the free world,<br>PU<\/p>\n","protected":false},"excerpt":{"rendered":"<p>PR-Chefen\u00a0|\u00a0Januari 20, 2026\u00a0|\u00a0Konsert,\u00a0Uncategorized\u00a0|\u00a0No Comments Programkommitt\u00e9n PU presenterar Livebandsgasque den 24\/1 2026! Vi v\u00e4lkomnar v\u00e5rterminen med Rock p\u00e5 gasquen, med 4 feta live-band som kommer spela natten l\u00e5ng!Bered er p\u00e5 en kv\u00e4ll med schysst musik, underbar mat och sv\u00e4ngiga drinkar i sann Rock anda! Schema f\u00f6r kv\u00e4llen:PUB &amp; LIVEBAND 22.00 \u2013 02.00Spelschema:22.00 \u2013 22.45 \u2013 Franchise [&hellip;]<\/p>\n","protected":false},"author":3,"featured_media":1885,"comment_status":"closed","ping_status":"closed","sticky":false,"template":"","format":"standard","meta":{"footnotes":""},"categories":[25,7],"tags":[],"class_list":["post-1884","post","type-post","status-publish","format-standard","has-post-thumbnail","hentry","category-gasquer","category-konsert"],"_links":{"self":[{"href":"https:\/\/programkommitten.se\/wordpress\/wp-json\/wp\/v2\/posts\/1884","targetHints":{"allow":["GET"]}}],"collection":[{"href":"https:\/\/programkommitten.se\/wordpress\/wp-json\/wp\/v2\/posts"}],"about":[{"href":"https:\/\/programkommitten.se\/wordpress\/wp-json\/wp\/v2\/types\/post"}],"author":[{"embeddable":true,"href":"https:\/\/programkommitten.se\/wordpress\/wp-json\/wp\/v2\/users\/3"}],"replies":[{"embeddable":true,"href":"https:\/\/programkommitten.se\/wordpress\/wp-json\/wp\/v2\/comments?post=1884"}],"version-history":[{"count":1,"href":"https:\/\/programkommitten.se\/wordpress\/wp-json\/wp\/v2\/posts\/1884\/revisions"}],"predecessor-version":[{"id":1886,"href":"https:\/\/programkommitten.se\/wordpress\/wp-json\/wp\/v2\/posts\/1884\/revisions\/1886"}],"wp:featuredmedia":[{"embeddable":true,"href":"https:\/\/programkommitten.se\/wordpress\/wp-json\/wp\/v2\/media\/1885"}],"wp:attachment":[{"href":"https:\/\/programkommitten.se\/wordpress\/wp-json\/wp\/v2\/media?parent=1884"}],"wp:term":[{"taxonomy":"category","embeddable":true,"href":"https:\/\/programkommitten.se\/wordpress\/wp-json\/wp\/v2\/categories?post=1884"},{"taxonomy":"post_tag","embeddable":true,"href":"https:\/\/programkommitten.se\/wordpress\/wp-json\/wp\/v2\/tags?post=1884"}],"curies":[{"name":"wp","href":"https:\/\/api.w.org\/{rel}","templated":true}]}}