{"id":1783,"date":"2024-10-30T22:22:56","date_gmt":"2024-10-30T21:22:56","guid":{"rendered":"https:\/\/programkommitten.se\/wordpress\/?p=1783"},"modified":"2025-02-05T22:53:36","modified_gmt":"2025-02-05T21:53:36","slug":"bubbelprovning-3","status":"publish","type":"post","link":"https:\/\/programkommitten.se\/wordpress\/bubbelprovning-3\/","title":{"rendered":"Bubbelprovning"},"content":{"rendered":"\n<p><strong>En del av Chalmers Studentk\u00e5rs 120\u00e5rs jubileum<\/strong><\/p>\n\n\n\n<p>Programkommitt\u00e9n PU presenterar Bubbelprovning! Den h\u00e4r g\u00e5ngen i en st\u00f6rre lokal med fler antal platser!&nbsp;<\/p>\n\n\n\n<p>Med BOSS som provningsh\u00e5llare kommer ni f\u00e5 smaka, uppleva och l\u00e4ra er om fem olika sorters bubbel.<\/p>\n\n\n\n<p>Pris: 235 kr<\/p>\n\n\n\n<p>Plats: K\u00e5rrestaurangen<\/p>\n\n\n\n<p>Tid: 19:00, onsdag 13\/11<\/p>\n\n\n\n<p>Biljettf\u00f6rs\u00e4ljning: Biljetter kan k\u00f6pas den 7\/11 mellan 12:00-13:00 vid ENDAST V\u00f6rtpannan, Johanneberg. Det finns ett begr\u00e4nsat antal biljetter, f\u00f6rst till kvarn g\u00e4ller. Man f\u00e5r k\u00f6pa biljett \u00e5t sig sj\u00e4lv och +1.<\/p>\n\n\n\n<p>OBS! Endast 18+, giltigt leg m\u00e5ste visas vid intr\u00e4de till provningen.<\/p>\n\n\n\n<p>Facebook-event: <a href=\"https:\/\/www.facebook.com\/events\/1237161423993764\/\">https:\/\/www.facebook.com\/events\/1237161423993764\/<\/a><\/p>\n\n\n\n<figure class=\"wp-block-image size-large\"><img loading=\"lazy\" decoding=\"async\" width=\"1024\" height=\"536\" src=\"https:\/\/programkommitten.se\/wordpress\/wp-content\/uploads\/bubbel_fb_bruh-1024x536.png\" alt=\"\" class=\"wp-image-1792\" srcset=\"https:\/\/programkommitten.se\/wordpress\/wp-content\/uploads\/bubbel_fb_bruh-1024x536.png 1024w, https:\/\/programkommitten.se\/wordpress\/wp-content\/uploads\/bubbel_fb_bruh-300x157.png 300w, https:\/\/programkommitten.se\/wordpress\/wp-content\/uploads\/bubbel_fb_bruh-768x402.png 768w, https:\/\/programkommitten.se\/wordpress\/wp-content\/uploads\/bubbel_fb_bruh-1536x804.png 1536w, https:\/\/programkommitten.se\/wordpress\/wp-content\/uploads\/bubbel_fb_bruh.png 1920w\" sizes=\"auto, (max-width: 1024px) 100vw, 1024px\" \/><\/figure>\n","protected":false},"excerpt":{"rendered":"<p>En del av Chalmers Studentk\u00e5rs 120\u00e5rs jubileum Programkommitt\u00e9n PU presenterar Bubbelprovning! Den h\u00e4r g\u00e5ngen i en st\u00f6rre lokal med fler antal platser!&nbsp; Med BOSS som provningsh\u00e5llare kommer ni f\u00e5 smaka, uppleva och l\u00e4ra er om fem olika sorters bubbel. Pris: 235 kr Plats: K\u00e5rrestaurangen Tid: 19:00, onsdag 13\/11 Biljettf\u00f6rs\u00e4ljning: Biljetter kan k\u00f6pas den 7\/11 mellan [&hellip;]<\/p>\n","protected":false},"author":3,"featured_media":1792,"comment_status":"closed","ping_status":"closed","sticky":false,"template":"","format":"standard","meta":{"footnotes":""},"categories":[9],"tags":[21],"class_list":["post-1783","post","type-post","status-publish","format-standard","has-post-thumbnail","hentry","category-provningar","tag-provning"],"_links":{"self":[{"href":"https:\/\/programkommitten.se\/wordpress\/wp-json\/wp\/v2\/posts\/1783","targetHints":{"allow":["GET"]}}],"collection":[{"href":"https:\/\/programkommitten.se\/wordpress\/wp-json\/wp\/v2\/posts"}],"about":[{"href":"https:\/\/programkommitten.se\/wordpress\/wp-json\/wp\/v2\/types\/post"}],"author":[{"embeddable":true,"href":"https:\/\/programkommitten.se\/wordpress\/wp-json\/wp\/v2\/users\/3"}],"replies":[{"embeddable":true,"href":"https:\/\/programkommitten.se\/wordpress\/wp-json\/wp\/v2\/comments?post=1783"}],"version-history":[{"count":5,"href":"https:\/\/programkommitten.se\/wordpress\/wp-json\/wp\/v2\/posts\/1783\/revisions"}],"predecessor-version":[{"id":1793,"href":"https:\/\/programkommitten.se\/wordpress\/wp-json\/wp\/v2\/posts\/1783\/revisions\/1793"}],"wp:featuredmedia":[{"embeddable":true,"href":"https:\/\/programkommitten.se\/wordpress\/wp-json\/wp\/v2\/media\/1792"}],"wp:attachment":[{"href":"https:\/\/programkommitten.se\/wordpress\/wp-json\/wp\/v2\/media?parent=1783"}],"wp:term":[{"taxonomy":"category","embeddable":true,"href":"https:\/\/programkommitten.se\/wordpress\/wp-json\/wp\/v2\/categories?post=1783"},{"taxonomy":"post_tag","embeddable":true,"href":"https:\/\/programkommitten.se\/wordpress\/wp-json\/wp\/v2\/tags?post=1783"}],"curies":[{"name":"wp","href":"https:\/\/api.w.org\/{rel}","templated":true}]}}