{"id":1661,"date":"2024-02-01T00:49:03","date_gmt":"2024-01-31T23:49:03","guid":{"rendered":"https:\/\/programkommitten.se\/wordpress\/?p=1661"},"modified":"2026-01-20T15:00:29","modified_gmt":"2026-01-20T14:00:29","slug":"vinprovning-vita-viner","status":"publish","type":"post","link":"https:\/\/programkommitten.se\/wordpress\/vinprovning-vita-viner\/","title":{"rendered":"Vinprovning: vita viner!"},"content":{"rendered":"\n<p>Programkommitt\u00e9n PU presenterar tillsammans med Adrians Munsk\u00e4nkar, Vin provning: Vita viner!<br>F\u00f6lj med p\u00e5 en resa d\u00e4r vi l\u00e4r oss allt och lite till om vita viner, fr\u00e5n druva till dryck.<\/p>\n\n\n\n<p>Pris: 265 kr<br>Plats: Hyllan, ovanv\u00e5ningen p\u00e5 k\u00e5rrestaurangen<br>Tid: 19:00, torsdag 22\/2<\/p>\n\n\n\n<p>Biljettf\u00f6rs\u00e4ljning: Biljetter kan k\u00f6pas den 15\/2 mellan 12:00-13:00 vid V\u00f6rtpannan, Johanneberg samt i K\u00e5rhuset, Lindholmen.<br>Det finns ett begr\u00e4nsat antal biljetter, f\u00f6rst till kvarn g\u00e4ller. Man f\u00e5r k\u00f6pa biljett \u00e5t sig sj\u00e4lv och +1.<\/p>\n\n\n\n<p>OBS! Endast 18+, giltigt leg m\u00e5ste visas vid intr\u00e4de till provningen.<\/p>\n\n\n\n<figure class=\"wp-block-image size-large\"><img loading=\"lazy\" decoding=\"async\" width=\"1024\" height=\"576\" src=\"https:\/\/programkommitten.se\/wordpress\/wp-content\/uploads\/whiteWine_1920x1080_72ppi_Rityta-1-1024x576.jpg\" alt=\"\" class=\"wp-image-1662\" srcset=\"https:\/\/programkommitten.se\/wordpress\/wp-content\/uploads\/whiteWine_1920x1080_72ppi_Rityta-1-1024x576.jpg 1024w, https:\/\/programkommitten.se\/wordpress\/wp-content\/uploads\/whiteWine_1920x1080_72ppi_Rityta-1-300x169.jpg 300w, https:\/\/programkommitten.se\/wordpress\/wp-content\/uploads\/whiteWine_1920x1080_72ppi_Rityta-1-768x432.jpg 768w, https:\/\/programkommitten.se\/wordpress\/wp-content\/uploads\/whiteWine_1920x1080_72ppi_Rityta-1-1536x864.jpg 1536w, https:\/\/programkommitten.se\/wordpress\/wp-content\/uploads\/whiteWine_1920x1080_72ppi_Rityta-1.jpg 1920w\" sizes=\"auto, (max-width: 1024px) 100vw, 1024px\" \/><\/figure>\n","protected":false},"excerpt":{"rendered":"<p>Programkommitt\u00e9n PU presenterar tillsammans med Adrians Munsk\u00e4nkar, Vin provning: Vita viner!F\u00f6lj med p\u00e5 en resa d\u00e4r vi l\u00e4r oss allt och lite till om vita viner, fr\u00e5n druva till dryck. Pris: 265 krPlats: Hyllan, ovanv\u00e5ningen p\u00e5 k\u00e5rrestaurangenTid: 19:00, torsdag 22\/2 Biljettf\u00f6rs\u00e4ljning: Biljetter kan k\u00f6pas den 15\/2 mellan 12:00-13:00 vid V\u00f6rtpannan, Johanneberg samt i K\u00e5rhuset, Lindholmen.Det [&hellip;]<\/p>\n","protected":false},"author":3,"featured_media":1662,"comment_status":"closed","ping_status":"closed","sticky":false,"template":"","format":"standard","meta":{"footnotes":""},"categories":[9],"tags":[19,21,20],"class_list":["post-1661","post","type-post","status-publish","format-standard","has-post-thumbnail","hentry","category-provningar","tag-chalmers","tag-provning","tag-pu"],"_links":{"self":[{"href":"https:\/\/programkommitten.se\/wordpress\/wp-json\/wp\/v2\/posts\/1661","targetHints":{"allow":["GET"]}}],"collection":[{"href":"https:\/\/programkommitten.se\/wordpress\/wp-json\/wp\/v2\/posts"}],"about":[{"href":"https:\/\/programkommitten.se\/wordpress\/wp-json\/wp\/v2\/types\/post"}],"author":[{"embeddable":true,"href":"https:\/\/programkommitten.se\/wordpress\/wp-json\/wp\/v2\/users\/3"}],"replies":[{"embeddable":true,"href":"https:\/\/programkommitten.se\/wordpress\/wp-json\/wp\/v2\/comments?post=1661"}],"version-history":[{"count":2,"href":"https:\/\/programkommitten.se\/wordpress\/wp-json\/wp\/v2\/posts\/1661\/revisions"}],"predecessor-version":[{"id":1664,"href":"https:\/\/programkommitten.se\/wordpress\/wp-json\/wp\/v2\/posts\/1661\/revisions\/1664"}],"wp:featuredmedia":[{"embeddable":true,"href":"https:\/\/programkommitten.se\/wordpress\/wp-json\/wp\/v2\/media\/1662"}],"wp:attachment":[{"href":"https:\/\/programkommitten.se\/wordpress\/wp-json\/wp\/v2\/media?parent=1661"}],"wp:term":[{"taxonomy":"category","embeddable":true,"href":"https:\/\/programkommitten.se\/wordpress\/wp-json\/wp\/v2\/categories?post=1661"},{"taxonomy":"post_tag","embeddable":true,"href":"https:\/\/programkommitten.se\/wordpress\/wp-json\/wp\/v2\/tags?post=1661"}],"curies":[{"name":"wp","href":"https:\/\/api.w.org\/{rel}","templated":true}]}}